[{"@context":"https:\/\/schema.org\/","@type":"Article","@id":"https:\/\/www.atrm.cz\/proc-dnes-tak-rostou-i-ceny-najmu\/#Article","mainEntityOfPage":"https:\/\/www.atrm.cz\/proc-dnes-tak-rostou-i-ceny-najmu\/","headline":"Pro\u010d dnes tak rostou i ceny n\u00e1jm\u016f","name":"Pro\u010d dnes tak rostou i ceny n\u00e1jm\u016f","description":"O tom, \u017ee v\u00a0posledn\u00edch letech trh s\u00a0nemovitostmi prod\u011blal obrovsk\u00fd r\u016fst, nen\u00ed sporu. Sta\u010d\u00ed jen porovnat&hellip;","datePublished":"2023-07-23","dateModified":"2023-07-23","author":{"@type":"Person","@id":"https:\/\/www.atrm.cz\/author\/#Person","name":"","url":"https:\/\/www.atrm.cz\/author\/","identifier":1,"image":{"@type":"ImageObject","@id":"https:\/\/secure.gravatar.com\/avatar\/9cac53ffad5d6e0659d72eaf216400c165f8fbf396c79017c66698a8aa5be23d?s=96&d=mm&r=g","url":"https:\/\/secure.gravatar.com\/avatar\/9cac53ffad5d6e0659d72eaf216400c165f8fbf396c79017c66698a8aa5be23d?s=96&d=mm&r=g","height":96,"width":96}},"publisher":{"@type":"Organization","name":"atrm.cz","logo":{"@type":"ImageObject","@id":"\/logo.png","url":"\/logo.png","width":600,"height":60}},"image":{"@type":"ImageObject","@id":"https:\/\/www.atrm.cz\/wp-content\/uploads\/dum2_10_8.jpg","url":"https:\/\/www.atrm.cz\/wp-content\/uploads\/dum2_10_8.jpg","height":0,"width":0},"url":"https:\/\/www.atrm.cz\/proc-dnes-tak-rostou-i-ceny-najmu\/","about":["Bydlen\u00ed"],"wordCount":450,"articleBody":"O tom, \u017ee v\u00a0posledn\u00edch letech trh s\u00a0nemovitostmi prod\u011blal obrovsk\u00fd r\u016fst, nen\u00ed sporu. Sta\u010d\u00ed jen porovnat ceny nemovitost\u00ed je\u0161t\u011b p\u0159ed p\u00e1r lety s\u00a0t\u011bmi, kter\u00e9 m\u00e1me dnes. Jist\u011b, m\u016f\u017eeme nam\u00edtnout, \u017ee jsme v\u00a0posledn\u00edch letech m\u011bli tak\u00e9 velkou inflaci, av\u0161ak kdy\u017e to spo\u010d\u00edt\u00e1me, zjist\u00edme, \u017ee n\u00e1r\u016fst je ve skute\u010dnosti mnohem v\u011bt\u0161\u00ed, ne\u017e by odpov\u00eddalo.\u00a0S\u00a0t\u00edm ov\u0161em rostou i ceny n\u00e1jm\u016f a podn\u00e1jm\u016f. I majitel\u00e9 dom\u016f a byt\u016f, kte\u0159\u00ed sv\u00e9 nemovitosti pronaj\u00edmaj\u00ed, se k\u00a0tomuto trendu p\u0159ipojili. Mnoz\u00ed n\u00e1jemn\u00edci tak v\u00a0minul\u00fdch letech byli sv\u011bdky drastick\u00e9ho zvy\u0161ov\u00e1n\u00ed n\u00e1jemn\u00e9ho, a pokud sh\u00e1n\u00edte byt \u010di d\u016fm v\u00a0n\u00e1jmu nebo podn\u00e1jmu, pak v\u00e1s jist\u011b p\u0159ekvap\u00ed, kolik po v\u00e1s bude majitel po\u017eadovat.\u00a0\u00a0Jist\u011b, valn\u00e1 v\u011bt\u0161ina z\u00a0nich tvrd\u00ed, \u017ee je to kv\u016fli zv\u00fd\u0161en\u00fdm n\u00e1klad\u016fm. Zde je pot\u0159eba uznat, \u017ee zejm\u00e9na ceny energi\u00ed, jako je plyn \u010di elekt\u0159ina, skute\u010dn\u011b hodn\u011b stouply. V\u00a0mnoha p\u0159\u00edpadech v\u0161ak plat\u00ed, \u017ee si tyto n\u00e1jemce plat\u00ed s\u00e1m, a nejsou sou\u010d\u00e1st\u00ed n\u00e1jemn\u00e9ho. Jak se tedy onen n\u00e1r\u016fst ospravedl\u0148uje v\u00a0tomto p\u0159\u00edpad\u011b?\u00a0V\u011bt\u0161inou t\u00edm, \u017ee \u00fadr\u017eba a opravy jsou mnohem dra\u017e\u0161\u00ed, ne\u017e tomu bylo d\u0159\u00edv. Ov\u0161em zde si mus\u00edme uv\u011bdomit, \u017ee v\u00a0t\u011bchto odv\u011btv\u00edch k\u00a0a\u017e tak velk\u00e9mu zdra\u017eov\u00e1n\u00ed nedo\u0161lo. Jist\u011b, ceny se zvedly, av\u0161ak rozhodn\u011b ne takov\u00fdm zp\u016fsobem, jako je tomu nap\u0159\u00edklad pr\u00e1v\u011b v\u00a0energetice.\u00a0\u00a0Ukazuje se tak, \u017ee probl\u00e9m je ve skute\u010dnosti jinde. Majitel\u00e9 nemovitost\u00ed se cht\u011bj\u00ed sv\u00e9zt na sou\u010dasn\u00e9m trendu vysok\u00fdch cen, kdy v\u011bd\u00ed, \u017ee \u010d\u00edm d\u00e1l v\u00edc lid\u00ed nem\u00e1 na to, aby si koupili vlastn\u00ed d\u016fm nebo byt, a mus\u00ed j\u00edt zkr\u00e1tka a jednodu\u0161e do podn\u00e1jmu. To jim umo\u017e\u0148uje zvednout ceny mnohem v\u00edce, nebo\u0165 lid\u00e9 jsou ochotni mnohem v\u00edce zaplatit \u2013 zvl\u00e1\u0161t\u011b kdy\u017e jim v\u00a0podstat\u011b nic jin\u00e9ho nezb\u00fdv\u00e1.\u00a0Je jasn\u00e9, \u017ee tento v\u00fdvoj nen\u00ed ani zdaleka ide\u00e1ln\u00ed. Bylo by pot\u0159eba, aby se trh s\u00a0nemovitostmi upravil, nebo\u0165 to by sn\u00ed\u017eilo i cenu n\u00e1jm\u016f. K\u00a0n\u011b\u010demu takov\u00e9mu v\u0161ak s\u00a0nejv\u011bt\u0161\u00ed pravd\u011bpodobnost\u00ed nedojde, nebo\u0165 vl\u00e1da m\u00e1 v\u00a0sou\u010dasn\u00e9 dob\u011b jin\u00e9, nal\u00e9hav\u011bj\u0161\u00ed probl\u00e9my. A n\u00e1m nezb\u00fdv\u00e1, ne\u017e se s\u00a0t\u00edm sm\u00ed\u0159it.                                                                                                                                                                                                                                                                                                                                                                                        4.4\/5 - (5 votes)        "},{"@context":"https:\/\/schema.org\/","@type":"BreadcrumbList","itemListElement":[{"@type":"ListItem","position":1,"name":"Pro\u010d dnes tak rostou i ceny n\u00e1jm\u016f","item":"https:\/\/www.atrm.cz\/proc-dnes-tak-rostou-i-ceny-najmu\/#breadcrumbitem"}]}]