[{"@context":"https:\/\/schema.org\/","@type":"Article","@id":"https:\/\/www.atrm.cz\/naber-sily-na-horach\/#Article","mainEntityOfPage":"https:\/\/www.atrm.cz\/naber-sily-na-horach\/","headline":"Naber s\u00edly na hor\u00e1ch","name":"Naber s\u00edly na hor\u00e1ch","description":"M\u00e1te za sebou t\u011b\u017ek\u00fd a nelehk\u00fd rok? Asi pot\u0159ebujete n\u011bkde na brat s\u00edly a zotavit&hellip;","datePublished":"2025-05-03","dateModified":"2025-05-03","author":{"@type":"Person","@id":"https:\/\/www.atrm.cz\/author\/#Person","name":"","url":"https:\/\/www.atrm.cz\/author\/","identifier":1,"image":{"@type":"ImageObject","@id":"https:\/\/secure.gravatar.com\/avatar\/9cac53ffad5d6e0659d72eaf216400c165f8fbf396c79017c66698a8aa5be23d?s=96&d=mm&r=g","url":"https:\/\/secure.gravatar.com\/avatar\/9cac53ffad5d6e0659d72eaf216400c165f8fbf396c79017c66698a8aa5be23d?s=96&d=mm&r=g","height":96,"width":96}},"publisher":{"@type":"Organization","name":"atrm.cz","logo":{"@type":"ImageObject","@id":"\/logo.png","url":"\/logo.png","width":600,"height":60}},"url":"https:\/\/www.atrm.cz\/naber-sily-na-horach\/","wordCount":184,"articleBody":" M\u00e1te za sebou t\u011b\u017ek\u00fd a nelehk\u00fd rok? Asi pot\u0159ebujete n\u011bkde na brat s\u00edly a zotavit se. P\u0159ije\u010fte do na\u0161ich moravsk\u00fdch hor &#8211; Jesen\u00edk\u016f, kde kr\u00e1sn\u00e1 p\u0159\u00edroda a \u010dist\u00fd vzduch V\u00e1m ud\u011blaj\u00ed dob\u0159e na du\u0161i i na t\u011ble. A nav\u00edc ubytov\u00e1n\u00ed Jesen\u00edky V\u00e1m umo\u017en\u00ed nik\u00fdm neru\u0161enou pohodu a klid. V p\u0159\u00edjemn\u00e9m prost\u0159ed\u00ed se m\u016f\u017eete t\u011b\u0161it na kvalitn\u00ed person\u00e1l a obsluhu, u kter\u00e9ho je prioritou vst\u0159\u00edcnost a d\u016fslednost. Z\u00e1le\u017e\u00ed n\u00e1m na tom, abyste na na\u0161e ubytov\u00e1n\u00ed v Jesen\u00edk\u00e1ch u\u017e nikdy nezapomn\u011bli, a budeme r\u00e1di, kdy\u017e n\u00e1s op\u011bt n\u011bkdy nav\u0161t\u00edv\u00edte. Ur\u010deno pro milovn\u00edky p\u0159\u00edrody a kvalitn\u00edho vzduchu Ubytov\u00e1n\u00ed Jesen\u00edky je ur\u010deno p\u0159edev\u0161\u00edm z\u00e1kazn\u00edk\u016fm, kte\u0159\u00ed maj\u00ed r\u00e1di p\u0159\u00edrodu a horsk\u00fd vzduch. Nedoporu\u010duje se manu\u00e1ln\u00edm workoholik\u016fm a lidem, kte\u0159\u00ed nevydr\u017e\u00ed bez pr\u00e1ce ani minutu.                                                                                                                                                                                                                                                                                                                                                                                                "},{"@context":"https:\/\/schema.org\/","@type":"BreadcrumbList","itemListElement":[{"@type":"ListItem","position":1,"name":"Naber s\u00edly na hor\u00e1ch","item":"https:\/\/www.atrm.cz\/naber-sily-na-horach\/#breadcrumbitem"}]}]